
			
				

					
				

			
		{"items":"\n\t\t\t\t\t\t\t\t\t\t\t\n<article id=\"post-11001\" class=\"wd-post blog-design-meta-image blog-post-loop blog-style-flat wd-col post-11001 post type-post status-publish format-standard has-post-thumbnail hentry category-news-e-updates tag-news\">\n\t\n\t<div class=\"wd-post-thumb color-scheme-light\">\n\t\t\t\t\t<div class=\"wd-post-img\">\n\t\t\t\t<img width=\"2363\" height=\"1576\" src=\"https:\/\/ceris.pt\/wp-content\/uploads\/2023\/07\/Convite-Livro-AQUA_-002.jpg\" class=\"attachment- size-\" alt=\"\" decoding=\"async\" fetchpriority=\"high\" srcset=\"https:\/\/ceris.pt\/wp-content\/uploads\/2023\/07\/Convite-Livro-AQUA_-002.jpg 2363w, https:\/\/ceris.pt\/wp-content\/uploads\/2023\/07\/Convite-Livro-AQUA_-002-150x100.jpg 150w, https:\/\/ceris.pt\/wp-content\/uploads\/2023\/07\/Convite-Livro-AQUA_-002-1200x800.jpg 1200w, https:\/\/ceris.pt\/wp-content\/uploads\/2023\/07\/Convite-Livro-AQUA_-002-300x200.jpg 300w, https:\/\/ceris.pt\/wp-content\/uploads\/2023\/07\/Convite-Livro-AQUA_-002-1024x683.jpg 1024w, https:\/\/ceris.pt\/wp-content\/uploads\/2023\/07\/Convite-Livro-AQUA_-002-768x512.jpg 768w, https:\/\/ceris.pt\/wp-content\/uploads\/2023\/07\/Convite-Livro-AQUA_-002-1536x1024.jpg 1536w, https:\/\/ceris.pt\/wp-content\/uploads\/2023\/07\/Convite-Livro-AQUA_-002-2048x1366.jpg 2048w, https:\/\/ceris.pt\/wp-content\/uploads\/2023\/07\/Convite-Livro-AQUA_-002-1500x1000.jpg 1500w\" sizes=\"(max-width: 2363px) 100vw, 2363px\" \/>\t\t\t<\/div>\n\t\t\n\t\t\t\t<a class=\"wd-post-link wd-fill\" tabindex=\"-1\" href=\"https:\/\/ceris.pt\/2023\/07\/15\/book-release-aqua-the-efficient-use-of-water-in-modern-gardens-2\/\" rel=\"bookmark\" aria-label=\"Link on post BOOK RELEASE: \u201cAQUA \u2013 THE EFFICIENT USE OF WATER IN MODERN GARDENS\u201d\"><\/a>\n\n\t\t\t<\/div>\n\n\t<div class=\"wd-post-content\">\n\t\t<div class=\"wd-post-meta wd-post-entry-meta\">\n\t\t\t\n\t\t\t\n\t\t\t\t\t\t\t<div class=\"wd-post-date wd-style-default\">\n\t\t\t\t\t<time class=\"published\" datetime=\"2023-07-15T11:27:24+00:00\">\n\t\t\t\t\t\t15 Jul 2023\t\t\t\t\t<\/time>\n\t\t\t\t<\/div>\n\n\t\t\t\t<div class=\"wd-modified-date\">\n\t\t\t\t\t\t\t<time class=\"updated\" datetime=\"2023-11-30T15:32:34+00:00\">\n\t\t\tNovember 30, 2023\t\t<\/time>\n\t\t\t\t\t\t<\/div>\n\t\t\t\t\t<\/div>\n\n\t\t\t\t\t<h3 class=\"wd-post-title wd-entities-title title post-title\">\n\t\t\t\t<a href=\"https:\/\/ceris.pt\/2023\/07\/15\/book-release-aqua-the-efficient-use-of-water-in-modern-gardens-2\/\" rel=\"bookmark\">\n\t\t\t\t\tBOOK RELEASE: \u201cAQUA \u2013 THE EFFICIENT USE OF WATER IN MODERN GARDENS\u201d\t\t\t\t<\/a>\n\t\t\t<\/h3>\n\t\t\n\t\t\t\t\t<div class=\"wd-post-excerpt\">\n\t\t\t\t\t\t\t\t\tThe launch of the book \u201cAQUA - O uso eficiente da \u00e1gua nos jardins da Idade Moderna\u201d (\u201cAQUA \u2013 The efficient use of water in modern gard...\t\t\t\t\t\t\t<\/div>\n\t\t\n\t\t\t\t\t\t\t\t\t\t<div class=\"wd-post-read-more wd-style-link read-more-section\">\n\t\t\t\t\t\t<a class=\"\" href=\"https:\/\/ceris.pt\/2023\/07\/15\/book-release-aqua-the-efficient-use-of-water-in-modern-gardens-2\/\">Continue reading<\/a>\t\t\t\t\t<\/div>\n\t\t\t\t\t\t\t<\/div>\n\n\t<\/article>\n\t\t\t\t\t\t\t\t\t\t\t\n<article id=\"post-10991\" class=\"wd-post blog-design-meta-image blog-post-loop blog-style-flat wd-col post-10991 post type-post status-publish format-standard has-post-thumbnail hentry category-news-e-updates tag-news\">\n\t\n\t<div class=\"wd-post-thumb color-scheme-light\">\n\t\t\t\t\t<div class=\"wd-post-img\">\n\t\t\t\t<img width=\"939\" height=\"705\" src=\"https:\/\/ceris.pt\/wp-content\/uploads\/2023\/06\/Imagem1.jpg\" class=\"attachment- size-\" alt=\"\" decoding=\"async\" srcset=\"https:\/\/ceris.pt\/wp-content\/uploads\/2023\/06\/Imagem1.jpg 939w, https:\/\/ceris.pt\/wp-content\/uploads\/2023\/06\/Imagem1-150x113.jpg 150w, https:\/\/ceris.pt\/wp-content\/uploads\/2023\/06\/Imagem1-300x225.jpg 300w, https:\/\/ceris.pt\/wp-content\/uploads\/2023\/06\/Imagem1-768x577.jpg 768w, https:\/\/ceris.pt\/wp-content\/uploads\/2023\/06\/Imagem1-600x450.jpg 600w\" sizes=\"(max-width: 939px) 100vw, 939px\" \/>\t\t\t<\/div>\n\t\t\n\t\t\t\t<a class=\"wd-post-link wd-fill\" tabindex=\"-1\" href=\"https:\/\/ceris.pt\/2023\/07\/13\/book-release-aqua-the-efficient-use-of-water-in-modern-gardens\/\" rel=\"bookmark\" aria-label=\"Link on post CERIS MEMBERS JOIN THE NEW SPES MANAGEMENT BODIES\"><\/a>\n\n\t\t\t<\/div>\n\n\t<div class=\"wd-post-content\">\n\t\t<div class=\"wd-post-meta wd-post-entry-meta\">\n\t\t\t\n\t\t\t\n\t\t\t\t\t\t\t<div class=\"wd-post-date wd-style-default\">\n\t\t\t\t\t<time class=\"published\" datetime=\"2023-07-13T16:10:32+00:00\">\n\t\t\t\t\t\t13 Jul 2023\t\t\t\t\t<\/time>\n\t\t\t\t<\/div>\n\n\t\t\t\t<div class=\"wd-modified-date\">\n\t\t\t\t\t\t\t<time class=\"updated\" datetime=\"2023-10-16T16:32:08+00:00\">\n\t\t\tOctober 16, 2023\t\t<\/time>\n\t\t\t\t\t\t<\/div>\n\t\t\t\t\t<\/div>\n\n\t\t\t\t\t<h3 class=\"wd-post-title wd-entities-title title post-title\">\n\t\t\t\t<a href=\"https:\/\/ceris.pt\/2023\/07\/13\/book-release-aqua-the-efficient-use-of-water-in-modern-gardens\/\" rel=\"bookmark\">\n\t\t\t\t\tCERIS MEMBERS JOIN THE NEW SPES MANAGEMENT BODIES\t\t\t\t<\/a>\n\t\t\t<\/h3>\n\t\t\n\t\t\t\t\t<div class=\"wd-post-excerpt\">\n\t\t\t\t\t\t\t\t\tThe most recent Management Bodies of the Portuguese Society of Earthquake Engineering (SPES) were elected for the 2023-2026 period. The...\t\t\t\t\t\t\t<\/div>\n\t\t\n\t\t\t\t\t\t\t\t\t\t<div class=\"wd-post-read-more wd-style-link read-more-section\">\n\t\t\t\t\t\t<a class=\"\" href=\"https:\/\/ceris.pt\/2023\/07\/13\/book-release-aqua-the-efficient-use-of-water-in-modern-gardens\/\">Continue reading<\/a>\t\t\t\t\t<\/div>\n\t\t\t\t\t\t\t<\/div>\n\n\t<\/article>\n\t\t\t\t\t\t\t\t\t\t\t\n<article id=\"post-11019\" class=\"wd-post blog-design-meta-image blog-post-loop blog-style-flat wd-col post-11019 post type-post status-publish format-standard has-post-thumbnail hentry category-awards-distinctions category-news-e-updates tag-news\">\n\t\n\t<div class=\"wd-post-thumb color-scheme-light\">\n\t\t\t\t\t<div class=\"wd-post-img\">\n\t\t\t\t<img width=\"1283\" height=\"602\" src=\"https:\/\/ceris.pt\/wp-content\/uploads\/2023\/07\/Foto_ICEM20_Topo-1.jpg\" class=\"attachment- size-\" alt=\"\" decoding=\"async\" srcset=\"https:\/\/ceris.pt\/wp-content\/uploads\/2023\/07\/Foto_ICEM20_Topo-1.jpg 1283w, https:\/\/ceris.pt\/wp-content\/uploads\/2023\/07\/Foto_ICEM20_Topo-1-150x70.jpg 150w, https:\/\/ceris.pt\/wp-content\/uploads\/2023\/07\/Foto_ICEM20_Topo-1-1200x563.jpg 1200w, https:\/\/ceris.pt\/wp-content\/uploads\/2023\/07\/Foto_ICEM20_Topo-1-300x141.jpg 300w, https:\/\/ceris.pt\/wp-content\/uploads\/2023\/07\/Foto_ICEM20_Topo-1-1024x480.jpg 1024w, https:\/\/ceris.pt\/wp-content\/uploads\/2023\/07\/Foto_ICEM20_Topo-1-768x360.jpg 768w\" sizes=\"(max-width: 1283px) 100vw, 1283px\" \/>\t\t\t<\/div>\n\t\t\n\t\t\t\t<a class=\"wd-post-link wd-fill\" tabindex=\"-1\" href=\"https:\/\/ceris.pt\/2023\/07\/07\/eloisa-castilho-wins-eurasem-award\/\" rel=\"bookmark\" aria-label=\"Link on post ELO\u00cdSA CASTILHO WINS EURASEM AWARD\"><\/a>\n\n\t\t\t<\/div>\n\n\t<div class=\"wd-post-content\">\n\t\t<div class=\"wd-post-meta wd-post-entry-meta\">\n\t\t\t\n\t\t\t\n\t\t\t\t\t\t\t<div class=\"wd-post-date wd-style-default\">\n\t\t\t\t\t<time class=\"published\" datetime=\"2023-07-07T11:32:47+00:00\">\n\t\t\t\t\t\t07 Jul 2023\t\t\t\t\t<\/time>\n\t\t\t\t<\/div>\n\n\t\t\t\t<div class=\"wd-modified-date\">\n\t\t\t\t\t\t\t<time class=\"updated\" datetime=\"2023-12-15T19:23:36+00:00\">\n\t\t\tDecember 15, 2023\t\t<\/time>\n\t\t\t\t\t\t<\/div>\n\t\t\t\t\t<\/div>\n\n\t\t\t\t\t<h3 class=\"wd-post-title wd-entities-title title post-title\">\n\t\t\t\t<a href=\"https:\/\/ceris.pt\/2023\/07\/07\/eloisa-castilho-wins-eurasem-award\/\" rel=\"bookmark\">\n\t\t\t\t\tELO\u00cdSA CASTILHO WINS EURASEM AWARD\t\t\t\t<\/a>\n\t\t\t<\/h3>\n\t\t\n\t\t\t\t\t<div class=\"wd-post-excerpt\">\n\t\t\t\t\t\t\t\t\tElo\u00edsa Castilho, PhD student at IST and CERIS member, had the honour of being one of the winners of the \"EuraSEM \u2013 ICEM20 Conference At...\t\t\t\t\t\t\t<\/div>\n\t\t\n\t\t\t\t\t\t\t\t\t\t<div class=\"wd-post-read-more wd-style-link read-more-section\">\n\t\t\t\t\t\t<a class=\"\" href=\"https:\/\/ceris.pt\/2023\/07\/07\/eloisa-castilho-wins-eurasem-award\/\">Continue reading<\/a>\t\t\t\t\t<\/div>\n\t\t\t\t\t\t\t<\/div>\n\n\t<\/article>\n\t\t\t\t\t\t\t\t\t\t\t\n<article id=\"post-10983\" class=\"wd-post blog-design-meta-image blog-post-loop blog-style-flat wd-col post-10983 post type-post status-publish format-standard has-post-thumbnail hentry category-news-e-updates tag-news\">\n\t\n\t<div class=\"wd-post-thumb color-scheme-light\">\n\t\t\t\t\t<div class=\"wd-post-img\">\n\t\t\t\t<img width=\"1145\" height=\"702\" src=\"https:\/\/ceris.pt\/wp-content\/uploads\/2023\/07\/img_1280x7202023_06_23_11_34_23_455509_im_638231170449625935-1.png\" class=\"attachment- size-\" alt=\"\" decoding=\"async\" loading=\"lazy\" srcset=\"https:\/\/ceris.pt\/wp-content\/uploads\/2023\/07\/img_1280x7202023_06_23_11_34_23_455509_im_638231170449625935-1.png 1145w, https:\/\/ceris.pt\/wp-content\/uploads\/2023\/07\/img_1280x7202023_06_23_11_34_23_455509_im_638231170449625935-1-150x92.png 150w, https:\/\/ceris.pt\/wp-content\/uploads\/2023\/07\/img_1280x7202023_06_23_11_34_23_455509_im_638231170449625935-1-300x184.png 300w, https:\/\/ceris.pt\/wp-content\/uploads\/2023\/07\/img_1280x7202023_06_23_11_34_23_455509_im_638231170449625935-1-1024x628.png 1024w, https:\/\/ceris.pt\/wp-content\/uploads\/2023\/07\/img_1280x7202023_06_23_11_34_23_455509_im_638231170449625935-1-768x471.png 768w, https:\/\/ceris.pt\/wp-content\/uploads\/2023\/07\/img_1280x7202023_06_23_11_34_23_455509_im_638231170449625935-1-700x430.png 700w, https:\/\/ceris.pt\/wp-content\/uploads\/2023\/07\/img_1280x7202023_06_23_11_34_23_455509_im_638231170449625935-1-600x368.png 600w\" sizes=\"auto, (max-width: 1145px) 100vw, 1145px\" \/>\t\t\t<\/div>\n\t\t\n\t\t\t\t<a class=\"wd-post-link wd-fill\" tabindex=\"-1\" href=\"https:\/\/ceris.pt\/2023\/06\/23\/research-team-from-ceris-ist-involved-in-the-development-of-the-simba-modular-building-system\/\" rel=\"bookmark\" aria-label=\"Link on post RESEARCH TEAM FROM CERIS, IST, INVOLVED IN THE DEVELOPMENT OF THE SIMBA MODULAR BUILDING SYSTEM\"><\/a>\n\n\t\t\t<\/div>\n\n\t<div class=\"wd-post-content\">\n\t\t<div class=\"wd-post-meta wd-post-entry-meta\">\n\t\t\t\n\t\t\t\n\t\t\t\t\t\t\t<div class=\"wd-post-date wd-style-default\">\n\t\t\t\t\t<time class=\"published\" datetime=\"2023-06-23T15:20:31+00:00\">\n\t\t\t\t\t\t23 Jun 2023\t\t\t\t\t<\/time>\n\t\t\t\t<\/div>\n\n\t\t\t\t<div class=\"wd-modified-date\">\n\t\t\t\t\t\t\t<time class=\"updated\" datetime=\"2023-12-18T17:04:26+00:00\">\n\t\t\tDecember 18, 2023\t\t<\/time>\n\t\t\t\t\t\t<\/div>\n\t\t\t\t\t<\/div>\n\n\t\t\t\t\t<h3 class=\"wd-post-title wd-entities-title title post-title\">\n\t\t\t\t<a href=\"https:\/\/ceris.pt\/2023\/06\/23\/research-team-from-ceris-ist-involved-in-the-development-of-the-simba-modular-building-system\/\" rel=\"bookmark\">\n\t\t\t\t\tRESEARCH TEAM FROM CERIS, IST, INVOLVED IN THE DEVELOPMENT OF THE SIMBA MODULAR BUILDING SYSTEM\t\t\t\t<\/a>\n\t\t\t<\/h3>\n\t\t\n\t\t\t\t\t<div class=\"wd-post-excerpt\">\n\t\t\t\t\t\t\t\t\tThe research team coordinated by Professor Fernando Branco is part of a partnership with DDN to develop SIMBA - Construction System wit...\t\t\t\t\t\t\t<\/div>\n\t\t\n\t\t\t\t\t\t\t\t\t\t<div class=\"wd-post-read-more wd-style-link read-more-section\">\n\t\t\t\t\t\t<a class=\"\" href=\"https:\/\/ceris.pt\/2023\/06\/23\/research-team-from-ceris-ist-involved-in-the-development-of-the-simba-modular-building-system\/\">Continue reading<\/a>\t\t\t\t\t<\/div>\n\t\t\t\t\t\t\t<\/div>\n\n\t<\/article>\n\t\t\t\t\t\t\t\t\t\t\t\n<article id=\"post-10977\" class=\"wd-post blog-design-meta-image blog-post-loop blog-style-flat wd-col post-10977 post type-post status-publish format-standard has-post-thumbnail hentry category-news-e-updates tag-news\">\n\t\n\t<div class=\"wd-post-thumb color-scheme-light\">\n\t\t\t\t\t<div class=\"wd-post-img\">\n\t\t\t\t<img width=\"1024\" height=\"768\" src=\"https:\/\/ceris.pt\/wp-content\/uploads\/2023\/07\/31.jpeg\" class=\"attachment- size-\" alt=\"\" decoding=\"async\" loading=\"lazy\" srcset=\"https:\/\/ceris.pt\/wp-content\/uploads\/2023\/07\/31.jpeg 1024w, https:\/\/ceris.pt\/wp-content\/uploads\/2023\/07\/31-150x113.jpeg 150w, https:\/\/ceris.pt\/wp-content\/uploads\/2023\/07\/31-300x225.jpeg 300w, https:\/\/ceris.pt\/wp-content\/uploads\/2023\/07\/31-768x576.jpeg 768w, https:\/\/ceris.pt\/wp-content\/uploads\/2023\/07\/31-600x450.jpeg 600w\" sizes=\"auto, (max-width: 1024px) 100vw, 1024px\" \/>\t\t\t<\/div>\n\t\t\n\t\t\t\t<a class=\"wd-post-link wd-fill\" tabindex=\"-1\" href=\"https:\/\/ceris.pt\/2023\/06\/15\/ceris-researchers-visit-trondheim-in-norway-in-the-scope-of-sharee-project-funded-by-the-eea-grants\/\" rel=\"bookmark\" aria-label=\"Link on post CERIS RESEARCHERS VISIT TRONDHEIM IN NORWAY IN THE SCOPE OF SHAREe PROJECT FUNDED BY THE EEA GRANTS\"><\/a>\n\n\t\t\t<\/div>\n\n\t<div class=\"wd-post-content\">\n\t\t<div class=\"wd-post-meta wd-post-entry-meta\">\n\t\t\t\n\t\t\t\n\t\t\t\t\t\t\t<div class=\"wd-post-date wd-style-default\">\n\t\t\t\t\t<time class=\"published\" datetime=\"2023-06-15T15:10:09+00:00\">\n\t\t\t\t\t\t15 Jun 2023\t\t\t\t\t<\/time>\n\t\t\t\t<\/div>\n\n\t\t\t\t<div class=\"wd-modified-date\">\n\t\t\t\t\t\t\t<time class=\"updated\" datetime=\"2023-11-30T15:33:20+00:00\">\n\t\t\tNovember 30, 2023\t\t<\/time>\n\t\t\t\t\t\t<\/div>\n\t\t\t\t\t<\/div>\n\n\t\t\t\t\t<h3 class=\"wd-post-title wd-entities-title title post-title\">\n\t\t\t\t<a href=\"https:\/\/ceris.pt\/2023\/06\/15\/ceris-researchers-visit-trondheim-in-norway-in-the-scope-of-sharee-project-funded-by-the-eea-grants\/\" rel=\"bookmark\">\n\t\t\t\t\tCERIS RESEARCHERS VISIT TRONDHEIM IN NORWAY IN THE SCOPE OF SHAREe PROJECT FUNDED BY THE EEA GRANTS\t\t\t\t<\/a>\n\t\t\t<\/h3>\n\t\t\n\t\t\t\t\t<div class=\"wd-post-excerpt\">\n\t\t\t\t\t\t\t\t\tWithin the SHAREe \u201cSustainable Hydropower to Alleviate and Reduce Environmental externalities\u201c project funded by the&nbsp;EEA Grants Po...\t\t\t\t\t\t\t<\/div>\n\t\t\n\t\t\t\t\t\t\t\t\t\t<div class=\"wd-post-read-more wd-style-link read-more-section\">\n\t\t\t\t\t\t<a class=\"\" href=\"https:\/\/ceris.pt\/2023\/06\/15\/ceris-researchers-visit-trondheim-in-norway-in-the-scope-of-sharee-project-funded-by-the-eea-grants\/\">Continue reading<\/a>\t\t\t\t\t<\/div>\n\t\t\t\t\t\t\t<\/div>\n\n\t<\/article>\n\t\t\t\t\t\t\t\t\t\t\t\n<article id=\"post-10020\" class=\"wd-post blog-design-meta-image blog-post-loop blog-style-flat wd-col post-10020 post type-post status-publish format-standard has-post-thumbnail hentry category-news-e-updates tag-news\">\n\t\n\t<div class=\"wd-post-thumb color-scheme-light\">\n\t\t\t\t\t<div class=\"wd-post-img\">\n\t\t\t\t<img width=\"1024\" height=\"768\" src=\"https:\/\/ceris.pt\/wp-content\/uploads\/2023\/06\/IMG_9986-1024x768-1.jpeg\" class=\"attachment- size-\" alt=\"\" decoding=\"async\" loading=\"lazy\" srcset=\"https:\/\/ceris.pt\/wp-content\/uploads\/2023\/06\/IMG_9986-1024x768-1.jpeg 1024w, https:\/\/ceris.pt\/wp-content\/uploads\/2023\/06\/IMG_9986-1024x768-1-150x113.jpeg 150w, https:\/\/ceris.pt\/wp-content\/uploads\/2023\/06\/IMG_9986-1024x768-1-300x225.jpeg 300w, https:\/\/ceris.pt\/wp-content\/uploads\/2023\/06\/IMG_9986-1024x768-1-768x576.jpeg 768w, https:\/\/ceris.pt\/wp-content\/uploads\/2023\/06\/IMG_9986-1024x768-1-600x450.jpeg 600w\" sizes=\"auto, (max-width: 1024px) 100vw, 1024px\" \/>\t\t\t<\/div>\n\t\t\n\t\t\t\t<a class=\"wd-post-link wd-fill\" tabindex=\"-1\" href=\"https:\/\/ceris.pt\/2023\/06\/07\/calls-for-phd-research-scholarships-promoted-by-ceris-2\/\" rel=\"bookmark\" aria-label=\"Link on post ECOPEAK4FISH PROJECT DISCLOSURE PUBLIC SESSION\"><\/a>\n\n\t\t\t<\/div>\n\n\t<div class=\"wd-post-content\">\n\t\t<div class=\"wd-post-meta wd-post-entry-meta\">\n\t\t\t\n\t\t\t\n\t\t\t\t\t\t\t<div class=\"wd-post-date wd-style-default\">\n\t\t\t\t\t<time class=\"published\" datetime=\"2023-06-07T09:43:39+00:00\">\n\t\t\t\t\t\t07 Jun 2023\t\t\t\t\t<\/time>\n\t\t\t\t<\/div>\n\n\t\t\t\t<div class=\"wd-modified-date\">\n\t\t\t\t\t\t\t<time class=\"updated\" datetime=\"2023-11-30T15:34:04+00:00\">\n\t\t\tNovember 30, 2023\t\t<\/time>\n\t\t\t\t\t\t<\/div>\n\t\t\t\t\t<\/div>\n\n\t\t\t\t\t<h3 class=\"wd-post-title wd-entities-title title post-title\">\n\t\t\t\t<a href=\"https:\/\/ceris.pt\/2023\/06\/07\/calls-for-phd-research-scholarships-promoted-by-ceris-2\/\" rel=\"bookmark\">\n\t\t\t\t\tECOPEAK4FISH PROJECT DISCLOSURE PUBLIC SESSION\t\t\t\t<\/a>\n\t\t\t<\/h3>\n\t\t\n\t\t\t\t\t<div class=\"wd-post-excerpt\">\n\t\t\t\t\t\t\t\t\tOn May 12, 2023, took place in Boticas the EcoPeak4Fish Project Disclosure Public Session (Sess\u00e3o P\u00fablica de Divulga\u00e7\u00e3o do Projeto EcoP...\t\t\t\t\t\t\t<\/div>\n\t\t\n\t\t\t\t\t\t\t\t\t\t<div class=\"wd-post-read-more wd-style-link read-more-section\">\n\t\t\t\t\t\t<a class=\"\" href=\"https:\/\/ceris.pt\/2023\/06\/07\/calls-for-phd-research-scholarships-promoted-by-ceris-2\/\">Continue reading<\/a>\t\t\t\t\t<\/div>\n\t\t\t\t\t\t\t<\/div>\n\n\t<\/article>\n\t\t\t\t\t\t\t\t\t\t\t\n<article id=\"post-10011\" class=\"wd-post blog-design-meta-image blog-post-loop blog-style-flat wd-col post-10011 post type-post status-publish format-standard hentry category-news-e-updates tag-news\">\n\t\n\t<div class=\"wd-post-thumb\">\n\t\t\t\t\t<div class=\"wd-post-img\">\n\t\t\t\t\t\t\t<\/div>\n\t\t\n\t\t\t\t<a class=\"wd-post-link wd-fill\" tabindex=\"-1\" href=\"https:\/\/ceris.pt\/2023\/06\/06\/calls-for-phd-research-scholarships-promoted-by-ceris\/\" rel=\"bookmark\" aria-label=\"Link on post CALLS FOR PHD RESEARCH SCHOLARSHIPS PROMOTED BY CERIS\"><\/a>\n\n\t\t\t<\/div>\n\n\t<div class=\"wd-post-content\">\n\t\t<div class=\"wd-post-meta wd-post-entry-meta\">\n\t\t\t\n\t\t\t\n\t\t\t\t\t\t\t<div class=\"wd-post-date wd-style-default\">\n\t\t\t\t\t<time class=\"published\" datetime=\"2023-06-06T17:41:58+00:00\">\n\t\t\t\t\t\t06 Jun 2023\t\t\t\t\t<\/time>\n\t\t\t\t<\/div>\n\n\t\t\t\t<div class=\"wd-modified-date\">\n\t\t\t\t\t\t\t<time class=\"updated\" datetime=\"2023-11-30T15:34:55+00:00\">\n\t\t\tNovember 30, 2023\t\t<\/time>\n\t\t\t\t\t\t<\/div>\n\t\t\t\t\t<\/div>\n\n\t\t\t\t\t<h3 class=\"wd-post-title wd-entities-title title post-title\">\n\t\t\t\t<a href=\"https:\/\/ceris.pt\/2023\/06\/06\/calls-for-phd-research-scholarships-promoted-by-ceris\/\" rel=\"bookmark\">\n\t\t\t\t\tCALLS FOR PHD RESEARCH SCHOLARSHIPS PROMOTED BY CERIS\t\t\t\t<\/a>\n\t\t\t<\/h3>\n\t\t\n\t\t\t\t\t<div class=\"wd-post-excerpt\">\n\t\t\t\t\t\t\t\t\tOpen Call for one PhD Research Fellowship for the Doctoral Program in Transport Systems. The call is open from 15\/06\/2023 at 9:00am to ...\t\t\t\t\t\t\t<\/div>\n\t\t\n\t\t\t\t\t\t\t\t\t\t<div class=\"wd-post-read-more wd-style-link read-more-section\">\n\t\t\t\t\t\t<a class=\"\" href=\"https:\/\/ceris.pt\/2023\/06\/06\/calls-for-phd-research-scholarships-promoted-by-ceris\/\">Continue reading<\/a>\t\t\t\t\t<\/div>\n\t\t\t\t\t\t\t<\/div>\n\n\t<\/article>\n\t\t\t\t\t\t\t\t\t\t\t\n<article id=\"post-10006\" class=\"wd-post blog-design-meta-image blog-post-loop blog-style-flat wd-col post-10006 post type-post status-publish format-standard has-post-thumbnail hentry category-news-e-updates tag-news\">\n\t\n\t<div class=\"wd-post-thumb color-scheme-light\">\n\t\t\t\t\t<div class=\"wd-post-img\">\n\t\t\t\t<img width=\"1364\" height=\"908\" src=\"https:\/\/ceris.pt\/wp-content\/uploads\/2023\/06\/RitaBento.jpg\" class=\"attachment- size-\" alt=\"\" decoding=\"async\" loading=\"lazy\" srcset=\"https:\/\/ceris.pt\/wp-content\/uploads\/2023\/06\/RitaBento.jpg 1364w, https:\/\/ceris.pt\/wp-content\/uploads\/2023\/06\/RitaBento-150x100.jpg 150w, https:\/\/ceris.pt\/wp-content\/uploads\/2023\/06\/RitaBento-1200x799.jpg 1200w, https:\/\/ceris.pt\/wp-content\/uploads\/2023\/06\/RitaBento-300x200.jpg 300w, https:\/\/ceris.pt\/wp-content\/uploads\/2023\/06\/RitaBento-1024x682.jpg 1024w, https:\/\/ceris.pt\/wp-content\/uploads\/2023\/06\/RitaBento-768x511.jpg 768w, https:\/\/ceris.pt\/wp-content\/uploads\/2023\/06\/RitaBento-600x399.jpg 600w\" sizes=\"auto, (max-width: 1364px) 100vw, 1364px\" \/>\t\t\t<\/div>\n\t\t\n\t\t\t\t<a class=\"wd-post-link wd-fill\" tabindex=\"-1\" href=\"https:\/\/ceris.pt\/2023\/06\/06\/full-professor-rita-bento-was-honored-by-ordem-dos-engenheiros\/\" rel=\"bookmark\" aria-label=\"Link on post FULL PROFESSOR RITA BENTO WAS HONORED BY ORDEM DOS ENGENHEIROS\"><\/a>\n\n\t\t\t<\/div>\n\n\t<div class=\"wd-post-content\">\n\t\t<div class=\"wd-post-meta wd-post-entry-meta\">\n\t\t\t\n\t\t\t\n\t\t\t\t\t\t\t<div class=\"wd-post-date wd-style-default\">\n\t\t\t\t\t<time class=\"published\" datetime=\"2023-06-06T17:15:25+00:00\">\n\t\t\t\t\t\t06 Jun 2023\t\t\t\t\t<\/time>\n\t\t\t\t<\/div>\n\n\t\t\t\t<div class=\"wd-modified-date\">\n\t\t\t\t\t\t\t<time class=\"updated\" datetime=\"2023-11-30T15:35:32+00:00\">\n\t\t\tNovember 30, 2023\t\t<\/time>\n\t\t\t\t\t\t<\/div>\n\t\t\t\t\t<\/div>\n\n\t\t\t\t\t<h3 class=\"wd-post-title wd-entities-title title post-title\">\n\t\t\t\t<a href=\"https:\/\/ceris.pt\/2023\/06\/06\/full-professor-rita-bento-was-honored-by-ordem-dos-engenheiros\/\" rel=\"bookmark\">\n\t\t\t\t\tFULL PROFESSOR RITA BENTO WAS HONORED BY ORDEM DOS ENGENHEIROS\t\t\t\t<\/a>\n\t\t\t<\/h3>\n\t\t\n\t\t\t\t\t<div class=\"wd-post-excerpt\">\n\t\t\t\t\t\t\t\t\tRita Bento, Full Professor at the Department of Civil Engineering, Architecture and Georesources at Instituto Superior T\u00e9cnico and memb...\t\t\t\t\t\t\t<\/div>\n\t\t\n\t\t\t\t\t\t\t\t\t\t<div class=\"wd-post-read-more wd-style-link read-more-section\">\n\t\t\t\t\t\t<a class=\"\" href=\"https:\/\/ceris.pt\/2023\/06\/06\/full-professor-rita-bento-was-honored-by-ordem-dos-engenheiros\/\">Continue reading<\/a>\t\t\t\t\t<\/div>\n\t\t\t\t\t\t\t<\/div>\n\n\t<\/article>\n\t\t\t\t\t\t\t\t\t\t\t\n<article id=\"post-9336\" class=\"wd-post blog-design-meta-image blog-post-loop blog-style-flat wd-col post-9336 post type-post status-publish format-standard has-post-thumbnail hentry category-news-e-updates tag-news\">\n\t\n\t<div class=\"wd-post-thumb color-scheme-light\">\n\t\t\t\t\t<div class=\"wd-post-img\">\n\t\t\t\t<img width=\"1920\" height=\"1080\" src=\"https:\/\/ceris.pt\/wp-content\/uploads\/2021\/06\/tcEMI-1.jpg\" class=\"attachment- size-\" alt=\"\" decoding=\"async\" loading=\"lazy\" srcset=\"https:\/\/ceris.pt\/wp-content\/uploads\/2021\/06\/tcEMI-1.jpg 1920w, https:\/\/ceris.pt\/wp-content\/uploads\/2021\/06\/tcEMI-1-150x84.jpg 150w, https:\/\/ceris.pt\/wp-content\/uploads\/2021\/06\/tcEMI-1-1200x675.jpg 1200w, https:\/\/ceris.pt\/wp-content\/uploads\/2021\/06\/tcEMI-1-300x169.jpg 300w, https:\/\/ceris.pt\/wp-content\/uploads\/2021\/06\/tcEMI-1-1024x576.jpg 1024w, https:\/\/ceris.pt\/wp-content\/uploads\/2021\/06\/tcEMI-1-768x432.jpg 768w, https:\/\/ceris.pt\/wp-content\/uploads\/2021\/06\/tcEMI-1-1536x864.jpg 1536w, https:\/\/ceris.pt\/wp-content\/uploads\/2021\/06\/tcEMI-1-600x338.jpg 600w\" sizes=\"auto, (max-width: 1920px) 100vw, 1920px\" \/>\t\t\t<\/div>\n\t\t\n\t\t\t\t<a class=\"wd-post-link wd-fill\" tabindex=\"-1\" href=\"https:\/\/ceris.pt\/2021\/06\/22\/current-and-future-challenges-of-experimental-methods-and-instrumentation\/\" rel=\"bookmark\" aria-label=\"Link on post Current and future challenges of Experimental Methods and Instrumentation\"><\/a>\n\n\t\t\t<\/div>\n\n\t<div class=\"wd-post-content\">\n\t\t<div class=\"wd-post-meta wd-post-entry-meta\">\n\t\t\t\n\t\t\t\n\t\t\t\t\t\t\t<div class=\"wd-post-date wd-style-default\">\n\t\t\t\t\t<time class=\"published\" datetime=\"2021-06-22T20:00:00+00:00\">\n\t\t\t\t\t\t22 Jun 2021\t\t\t\t\t<\/time>\n\t\t\t\t<\/div>\n\n\t\t\t\t<div class=\"wd-modified-date\">\n\t\t\t\t\t\t\t<time class=\"updated\" datetime=\"2021-06-24T12:07:40+00:00\">\n\t\t\tJune 24, 2021\t\t<\/time>\n\t\t\t\t\t\t<\/div>\n\t\t\t\t\t<\/div>\n\n\t\t\t\t\t<h3 class=\"wd-post-title wd-entities-title title post-title\">\n\t\t\t\t<a href=\"https:\/\/ceris.pt\/2021\/06\/22\/current-and-future-challenges-of-experimental-methods-and-instrumentation\/\" rel=\"bookmark\">\n\t\t\t\t\tCurrent and future challenges of Experimental Methods and Instrumentation\t\t\t\t<\/a>\n\t\t\t<\/h3>\n\t\t\n\t\t\t\t\t<div class=\"wd-post-excerpt\">\n\t\t\t\t\t\t\t\t\t07:00 UTC | 08:00 London | 09:00 Madrid | 12:30 New Delhi | 15:00 Beijing | 17:00 Sydney | 00:00 Los Angeles | 03:00 New YorkWednesday,...\t\t\t\t\t\t\t<\/div>\n\t\t\n\t\t\t\t\t\t\t\t\t\t<div class=\"wd-post-read-more wd-style-link read-more-section\">\n\t\t\t\t\t\t<a class=\"\" href=\"https:\/\/ceris.pt\/2021\/06\/22\/current-and-future-challenges-of-experimental-methods-and-instrumentation\/\">Continue reading<\/a>\t\t\t\t\t<\/div>\n\t\t\t\t\t\t\t<\/div>\n\n\t<\/article>\n\t\t\t\t\t\t\t\t\t\t\t\n<article id=\"post-9251\" class=\"wd-post blog-design-meta-image blog-post-loop blog-style-flat wd-col post-9251 post type-post status-publish format-standard has-post-thumbnail hentry category-awards-distinctions\">\n\t\n\t<div class=\"wd-post-thumb color-scheme-light\">\n\t\t\t\t\t<div class=\"wd-post-img\">\n\t\t\t\t<img width=\"921\" height=\"496\" src=\"https:\/\/ceris.pt\/wp-content\/uploads\/2021\/04\/Untitled-3-2-1-2.jpg\" class=\"attachment- size-\" alt=\"\" decoding=\"async\" loading=\"lazy\" srcset=\"https:\/\/ceris.pt\/wp-content\/uploads\/2021\/04\/Untitled-3-2-1-2.jpg 921w, https:\/\/ceris.pt\/wp-content\/uploads\/2021\/04\/Untitled-3-2-1-2-150x81.jpg 150w, https:\/\/ceris.pt\/wp-content\/uploads\/2021\/04\/Untitled-3-2-1-2-300x162.jpg 300w, https:\/\/ceris.pt\/wp-content\/uploads\/2021\/04\/Untitled-3-2-1-2-768x414.jpg 768w, https:\/\/ceris.pt\/wp-content\/uploads\/2021\/04\/Untitled-3-2-1-2-600x323.jpg 600w\" sizes=\"auto, (max-width: 921px) 100vw, 921px\" \/>\t\t\t<\/div>\n\t\t\n\t\t\t\t<a class=\"wd-post-link wd-fill\" tabindex=\"-1\" href=\"https:\/\/ceris.pt\/2021\/04\/12\/phd-student-david-manta-receives-honorable-mention-from-the-vinnakota-award-usa\/\" rel=\"bookmark\" aria-label=\"Link on post PhD student David Manta receives honorable mention from the Vinnakota Award, USA\"><\/a>\n\n\t\t\t<\/div>\n\n\t<div class=\"wd-post-content\">\n\t\t<div class=\"wd-post-meta wd-post-entry-meta\">\n\t\t\t\n\t\t\t\n\t\t\t\t\t\t\t<div class=\"wd-post-date wd-style-default\">\n\t\t\t\t\t<time class=\"published\" datetime=\"2021-04-12T09:56:43+00:00\">\n\t\t\t\t\t\t12 Apr 2021\t\t\t\t\t<\/time>\n\t\t\t\t<\/div>\n\n\t\t\t\t<div class=\"wd-modified-date\">\n\t\t\t\t\t\t\t<time class=\"updated\" datetime=\"2021-06-04T10:34:31+00:00\">\n\t\t\tJune 4, 2021\t\t<\/time>\n\t\t\t\t\t\t<\/div>\n\t\t\t\t\t<\/div>\n\n\t\t\t\t\t<h3 class=\"wd-post-title wd-entities-title title post-title\">\n\t\t\t\t<a href=\"https:\/\/ceris.pt\/2021\/04\/12\/phd-student-david-manta-receives-honorable-mention-from-the-vinnakota-award-usa\/\" rel=\"bookmark\">\n\t\t\t\t\tPhD student David Manta receives honorable mention from the Vinnakota Award, USA\t\t\t\t<\/a>\n\t\t\t<\/h3>\n\t\t\n\t\t\n\t\t\t\t\t\t\t\t\t\t<div class=\"wd-post-read-more wd-style-link read-more-section\">\n\t\t\t\t\t\t<a class=\"\" href=\"https:\/\/ceris.pt\/2021\/04\/12\/phd-student-david-manta-receives-honorable-mention-from-the-vinnakota-award-usa\/\">Continue reading<\/a>\t\t\t\t\t<\/div>\n\t\t\t\t\t\t\t<\/div>\n\n\t<\/article>\n\t\t\t\t\t\n\t\t\t\t\t","status":"have-posts","nextPage":"https:\/\/ceris.pt\/author\/eduardo-travassossendys-pt\/page\/3\/?woo_ajax=1","currentPage":"https:\/\/ceris.pt\/author\/eduardo-travassossendys-pt\/page\/2"}