
			
				

					
				

			
		{"items":"\n\t\t\t\t\t\t\t\t\t\t\t\n<article id=\"post-13637\" class=\"wd-post blog-design-meta-image blog-post-loop blog-style-flat wd-col post-13637 post type-post status-publish format-standard has-post-thumbnail hentry category-awards-distinctions category-news-e-updates tag-news\">\n\t\n\t<div class=\"wd-post-thumb color-scheme-light\">\n\t\t\t\t\t<div class=\"wd-post-img\">\n\t\t\t\t<img width=\"1123\" height=\"1587\" src=\"https:\/\/ceris.pt\/wp-content\/uploads\/2024\/07\/trtrt.jpg\" class=\"attachment- size-\" alt=\"\" decoding=\"async\" fetchpriority=\"high\" srcset=\"https:\/\/ceris.pt\/wp-content\/uploads\/2024\/07\/trtrt.jpg 1123w, https:\/\/ceris.pt\/wp-content\/uploads\/2024\/07\/trtrt-150x212.jpg 150w, https:\/\/ceris.pt\/wp-content\/uploads\/2024\/07\/trtrt-212x300.jpg 212w, https:\/\/ceris.pt\/wp-content\/uploads\/2024\/07\/trtrt-725x1024.jpg 725w, https:\/\/ceris.pt\/wp-content\/uploads\/2024\/07\/trtrt-768x1085.jpg 768w, https:\/\/ceris.pt\/wp-content\/uploads\/2024\/07\/trtrt-1087x1536.jpg 1087w, https:\/\/ceris.pt\/wp-content\/uploads\/2024\/07\/trtrt-600x848.jpg 600w\" sizes=\"(max-width: 1123px) 100vw, 1123px\" \/>\t\t\t<\/div>\n\t\t\n\t\t\t\t<a class=\"wd-post-link wd-fill\" tabindex=\"-1\" href=\"https:\/\/ceris.pt\/2024\/07\/04\/ceris-hosts-pizza-seminar-on-sustainable-construction-using-recycled-mask-waste\/\" rel=\"bookmark\" aria-label=\"Link on post CERIS Hosts Pizza Seminar on Sustainable Construction Using Recycled Mask Waste\"><\/a>\n\n\t\t\t<\/div>\n\n\t<div class=\"wd-post-content\">\n\t\t<div class=\"wd-post-meta wd-post-entry-meta\">\n\t\t\t\n\t\t\t\n\t\t\t\t\t\t\t<div class=\"wd-post-date wd-style-default\">\n\t\t\t\t\t<time class=\"published\" datetime=\"2024-07-04T09:57:11+00:00\">\n\t\t\t\t\t\t04 Jul 2024\t\t\t\t\t<\/time>\n\t\t\t\t<\/div>\n\n\t\t\t\t<div class=\"wd-modified-date\">\n\t\t\t\t\t\t\t<time class=\"updated\" datetime=\"2024-07-04T10:59:28+00:00\">\n\t\t\tJuly 4, 2024\t\t<\/time>\n\t\t\t\t\t\t<\/div>\n\t\t\t\t\t<\/div>\n\n\t\t\t\t\t<h3 class=\"wd-post-title wd-entities-title title post-title\">\n\t\t\t\t<a href=\"https:\/\/ceris.pt\/2024\/07\/04\/ceris-hosts-pizza-seminar-on-sustainable-construction-using-recycled-mask-waste\/\" rel=\"bookmark\">\n\t\t\t\t\tCERIS Hosts Pizza Seminar on Sustainable Construction Using Recycled Mask Waste\t\t\t\t<\/a>\n\t\t\t<\/h3>\n\t\t\n\t\t\t\t\t<div class=\"wd-post-excerpt\">\n\t\t\t\t\t\t\t\t\tOn July 3, 2024, CERIS organized a Pizza Seminar titled \"REDUCE! Use of Plastic Waste from Surgical Masks in Construction Materials,\" p...\t\t\t\t\t\t\t<\/div>\n\t\t\n\t\t\t\t\t\t\t\t\t\t<div class=\"wd-post-read-more wd-style-link read-more-section\">\n\t\t\t\t\t\t<a class=\"\" href=\"https:\/\/ceris.pt\/2024\/07\/04\/ceris-hosts-pizza-seminar-on-sustainable-construction-using-recycled-mask-waste\/\">Continue reading<\/a>\t\t\t\t\t<\/div>\n\t\t\t\t\t\t\t<\/div>\n\n\t<\/article>\n\t\t\t\t\t\t\t\t\t\t\t\n<article id=\"post-13629\" class=\"wd-post blog-design-meta-image blog-post-loop blog-style-flat wd-col post-13629 post type-post status-publish format-standard hentry category-awards-distinctions category-news-e-updates tag-news\">\n\t\n\t<div class=\"wd-post-thumb\">\n\t\t\t\t\t<div class=\"wd-post-img\">\n\t\t\t\t\t\t\t<\/div>\n\t\t\n\t\t\t\t<a class=\"wd-post-link wd-fill\" tabindex=\"-1\" href=\"https:\/\/ceris.pt\/2024\/07\/01\/university-of-seville-awards-second-prize-to-ceris-researchers-for-outstanding-scientific-article\/\" rel=\"bookmark\" aria-label=\"Link on post University of Seville Awards Second Prize to CERIS researchers for Outstanding Scientific Article\"><\/a>\n\n\t\t\t<\/div>\n\n\t<div class=\"wd-post-content\">\n\t\t<div class=\"wd-post-meta wd-post-entry-meta\">\n\t\t\t\n\t\t\t\n\t\t\t\t\t\t\t<div class=\"wd-post-date wd-style-default\">\n\t\t\t\t\t<time class=\"published\" datetime=\"2024-07-01T15:05:27+00:00\">\n\t\t\t\t\t\t01 Jul 2024\t\t\t\t\t<\/time>\n\t\t\t\t<\/div>\n\n\t\t\t\t<div class=\"wd-modified-date\">\n\t\t\t\t\t\t\t<time class=\"updated\" datetime=\"2024-07-04T11:22:39+00:00\">\n\t\t\tJuly 4, 2024\t\t<\/time>\n\t\t\t\t\t\t<\/div>\n\t\t\t\t\t<\/div>\n\n\t\t\t\t\t<h3 class=\"wd-post-title wd-entities-title title post-title\">\n\t\t\t\t<a href=\"https:\/\/ceris.pt\/2024\/07\/01\/university-of-seville-awards-second-prize-to-ceris-researchers-for-outstanding-scientific-article\/\" rel=\"bookmark\">\n\t\t\t\t\tUniversity of Seville Awards Second Prize to CERIS researchers for Outstanding Scientific Article\t\t\t\t<\/a>\n\t\t\t<\/h3>\n\t\t\n\t\t\t\t\t<div class=\"wd-post-excerpt\">\n\t\t\t\t\t\t\t\t\tCERIS researchers J\u00f3natas Valen\u00e7a, Killian Morin, Nathan Jouen, Nath\u00e1lia Olivo, Marta Torres-Gonzalez, Maria Paula Mendes, and Ana Silv...\t\t\t\t\t\t\t<\/div>\n\t\t\n\t\t\t\t\t\t\t\t\t\t<div class=\"wd-post-read-more wd-style-link read-more-section\">\n\t\t\t\t\t\t<a class=\"\" href=\"https:\/\/ceris.pt\/2024\/07\/01\/university-of-seville-awards-second-prize-to-ceris-researchers-for-outstanding-scientific-article\/\">Continue reading<\/a>\t\t\t\t\t<\/div>\n\t\t\t\t\t\t\t<\/div>\n\n\t<\/article>\n\t\t\t\t\t\t\t\t\t\t\t\n<article id=\"post-13402\" class=\"wd-post blog-design-meta-image blog-post-loop blog-style-flat wd-col post-13402 post type-post status-publish format-standard has-post-thumbnail hentry category-awards-distinctions category-news-e-updates tag-news\">\n\t\n\t<div class=\"wd-post-thumb color-scheme-light\">\n\t\t\t\t\t<div class=\"wd-post-img\">\n\t\t\t\t<img width=\"2560\" height=\"2010\" src=\"https:\/\/ceris.pt\/wp-content\/uploads\/2024\/06\/SHELLTER-scaled.png\" class=\"attachment- size-\" alt=\"\" decoding=\"async\" srcset=\"https:\/\/ceris.pt\/wp-content\/uploads\/2024\/06\/SHELLTER-scaled.png 2560w, https:\/\/ceris.pt\/wp-content\/uploads\/2024\/06\/SHELLTER-scaled-150x118.png 150w, https:\/\/ceris.pt\/wp-content\/uploads\/2024\/06\/SHELLTER-scaled-1200x942.png 1200w, https:\/\/ceris.pt\/wp-content\/uploads\/2024\/06\/SHELLTER-300x236.png 300w, https:\/\/ceris.pt\/wp-content\/uploads\/2024\/06\/SHELLTER-1024x804.png 1024w, https:\/\/ceris.pt\/wp-content\/uploads\/2024\/06\/SHELLTER-768x603.png 768w, https:\/\/ceris.pt\/wp-content\/uploads\/2024\/06\/SHELLTER-1536x1206.png 1536w, https:\/\/ceris.pt\/wp-content\/uploads\/2024\/06\/SHELLTER-2048x1608.png 2048w\" sizes=\"(max-width: 2560px) 100vw, 2560px\" \/>\t\t\t<\/div>\n\t\t\n\t\t\t\t<a class=\"wd-post-link wd-fill\" tabindex=\"-1\" href=\"https:\/\/ceris.pt\/2024\/06\/14\/shellter-final-workshop-reuse-of-aquaculture-waste-in-the-development-of-construction-materials\/\" rel=\"bookmark\" aria-label=\"Link on post SHELLTER Final Workshop\u2014Reuse of Aquaculture Waste in the development of Construction Materials\"><\/a>\n\n\t\t\t<\/div>\n\n\t<div class=\"wd-post-content\">\n\t\t<div class=\"wd-post-meta wd-post-entry-meta\">\n\t\t\t\n\t\t\t\n\t\t\t\t\t\t\t<div class=\"wd-post-date wd-style-default\">\n\t\t\t\t\t<time class=\"published\" datetime=\"2024-06-14T14:38:12+00:00\">\n\t\t\t\t\t\t14 Jun 2024\t\t\t\t\t<\/time>\n\t\t\t\t<\/div>\n\n\t\t\t\t<div class=\"wd-modified-date\">\n\t\t\t\t\t\t\t<time class=\"updated\" datetime=\"2024-06-14T14:39:41+00:00\">\n\t\t\tJune 14, 2024\t\t<\/time>\n\t\t\t\t\t\t<\/div>\n\t\t\t\t\t<\/div>\n\n\t\t\t\t\t<h3 class=\"wd-post-title wd-entities-title title post-title\">\n\t\t\t\t<a href=\"https:\/\/ceris.pt\/2024\/06\/14\/shellter-final-workshop-reuse-of-aquaculture-waste-in-the-development-of-construction-materials\/\" rel=\"bookmark\">\n\t\t\t\t\tSHELLTER Final Workshop\u2014Reuse of Aquaculture Waste in the development of Construction Materials\t\t\t\t<\/a>\n\t\t\t<\/h3>\n\t\t\n\t\t\t\t\t<div class=\"wd-post-excerpt\">\n\t\t\t\t\t\t\t\t\tProfessor In\u00eas Flores-Colen has successfully organized the Final Workshop for the SHELLTER Project, which focuses on the \u201cReuse of Aqua...\t\t\t\t\t\t\t<\/div>\n\t\t\n\t\t\t\t\t\t\t\t\t\t<div class=\"wd-post-read-more wd-style-link read-more-section\">\n\t\t\t\t\t\t<a class=\"\" href=\"https:\/\/ceris.pt\/2024\/06\/14\/shellter-final-workshop-reuse-of-aquaculture-waste-in-the-development-of-construction-materials\/\">Continue reading<\/a>\t\t\t\t\t<\/div>\n\t\t\t\t\t\t\t<\/div>\n\n\t<\/article>\n\t\t\t\t\t\t\t\t\t\t\t\n<article id=\"post-13394\" class=\"wd-post blog-design-meta-image blog-post-loop blog-style-flat wd-col post-13394 post type-post status-publish format-standard has-post-thumbnail hentry category-awards-distinctions category-news-e-updates tag-news\">\n\t\n\t<div class=\"wd-post-thumb color-scheme-light\">\n\t\t\t\t\t<div class=\"wd-post-img\">\n\t\t\t\t<img width=\"518\" height=\"291\" src=\"https:\/\/ceris.pt\/wp-content\/uploads\/2024\/06\/BLOCOYSTER2.png\" class=\"attachment- size-\" alt=\"\" decoding=\"async\" srcset=\"https:\/\/ceris.pt\/wp-content\/uploads\/2024\/06\/BLOCOYSTER2.png 518w, https:\/\/ceris.pt\/wp-content\/uploads\/2024\/06\/BLOCOYSTER2-150x84.png 150w, https:\/\/ceris.pt\/wp-content\/uploads\/2024\/06\/BLOCOYSTER2-300x169.png 300w\" sizes=\"(max-width: 518px) 100vw, 518px\" \/>\t\t\t<\/div>\n\t\t\n\t\t\t\t<a class=\"wd-post-link wd-fill\" tabindex=\"-1\" href=\"https:\/\/ceris.pt\/2024\/06\/14\/project-with-the-coordination-of-ceris-is-awarded-by-mares-circulares\/\" rel=\"bookmark\" aria-label=\"Link on post Project with the coordination of CERIS is awarded by Mares Circulares\"><\/a>\n\n\t\t\t<\/div>\n\n\t<div class=\"wd-post-content\">\n\t\t<div class=\"wd-post-meta wd-post-entry-meta\">\n\t\t\t\n\t\t\t\n\t\t\t\t\t\t\t<div class=\"wd-post-date wd-style-default\">\n\t\t\t\t\t<time class=\"published\" datetime=\"2024-06-14T10:18:19+00:00\">\n\t\t\t\t\t\t14 Jun 2024\t\t\t\t\t<\/time>\n\t\t\t\t<\/div>\n\n\t\t\t\t<div class=\"wd-modified-date\">\n\t\t\t\t\t\t\t<time class=\"updated\" datetime=\"2024-06-14T10:22:25+00:00\">\n\t\t\tJune 14, 2024\t\t<\/time>\n\t\t\t\t\t\t<\/div>\n\t\t\t\t\t<\/div>\n\n\t\t\t\t\t<h3 class=\"wd-post-title wd-entities-title title post-title\">\n\t\t\t\t<a href=\"https:\/\/ceris.pt\/2024\/06\/14\/project-with-the-coordination-of-ceris-is-awarded-by-mares-circulares\/\" rel=\"bookmark\">\n\t\t\t\t\tProject with the coordination of CERIS is awarded by Mares Circulares\t\t\t\t<\/a>\n\t\t\t<\/h3>\n\t\t\n\t\t\t\t\t<div class=\"wd-post-excerpt\">\n\t\t\t\t\t\t\t\t\tBLOCOYSTER is the winning project of the sixth edition of the Mares Circulares Competition, in the Research Centres category, with a pr...\t\t\t\t\t\t\t<\/div>\n\t\t\n\t\t\t\t\t\t\t\t\t\t<div class=\"wd-post-read-more wd-style-link read-more-section\">\n\t\t\t\t\t\t<a class=\"\" href=\"https:\/\/ceris.pt\/2024\/06\/14\/project-with-the-coordination-of-ceris-is-awarded-by-mares-circulares\/\">Continue reading<\/a>\t\t\t\t\t<\/div>\n\t\t\t\t\t\t\t<\/div>\n\n\t<\/article>\n\t\t\t\t\t\t\t\t\t\t\t\n<article id=\"post-13346\" class=\"wd-post blog-design-meta-image blog-post-loop blog-style-flat wd-col post-13346 post type-post status-publish format-standard has-post-thumbnail hentry category-awards-distinctions category-news-e-updates tag-news\">\n\t\n\t<div class=\"wd-post-thumb color-scheme-light\">\n\t\t\t\t\t<div class=\"wd-post-img\">\n\t\t\t\t<img width=\"1015\" height=\"474\" src=\"https:\/\/ceris.pt\/wp-content\/uploads\/2024\/06\/HY4RES.png\" class=\"attachment- size-\" alt=\"\" decoding=\"async\" loading=\"lazy\" srcset=\"https:\/\/ceris.pt\/wp-content\/uploads\/2024\/06\/HY4RES.png 1015w, https:\/\/ceris.pt\/wp-content\/uploads\/2024\/06\/HY4RES-150x70.png 150w, https:\/\/ceris.pt\/wp-content\/uploads\/2024\/06\/HY4RES-300x140.png 300w, https:\/\/ceris.pt\/wp-content\/uploads\/2024\/06\/HY4RES-768x359.png 768w, https:\/\/ceris.pt\/wp-content\/uploads\/2024\/06\/HY4RES-600x280.png 600w\" sizes=\"auto, (max-width: 1015px) 100vw, 1015px\" \/>\t\t\t<\/div>\n\t\t\n\t\t\t\t<a class=\"wd-post-link wd-fill\" tabindex=\"-1\" href=\"https:\/\/ceris.pt\/2024\/06\/11\/professor-helena-ramos-represents-ceris-as-a-partner-in-the-hy4res-project\/\" rel=\"bookmark\" aria-label=\"Link on post Professor Helena Ramos represents IST\/CERIS as a partner in the HY4RES Project\"><\/a>\n\n\t\t\t<\/div>\n\n\t<div class=\"wd-post-content\">\n\t\t<div class=\"wd-post-meta wd-post-entry-meta\">\n\t\t\t\n\t\t\t\n\t\t\t\t\t\t\t<div class=\"wd-post-date wd-style-default\">\n\t\t\t\t\t<time class=\"published\" datetime=\"2024-06-11T15:57:23+00:00\">\n\t\t\t\t\t\t11 Jun 2024\t\t\t\t\t<\/time>\n\t\t\t\t<\/div>\n\n\t\t\t\t<div class=\"wd-modified-date\">\n\t\t\t\t\t\t\t<time class=\"updated\" datetime=\"2024-06-17T10:35:07+00:00\">\n\t\t\tJune 17, 2024\t\t<\/time>\n\t\t\t\t\t\t<\/div>\n\t\t\t\t\t<\/div>\n\n\t\t\t\t\t<h3 class=\"wd-post-title wd-entities-title title post-title\">\n\t\t\t\t<a href=\"https:\/\/ceris.pt\/2024\/06\/11\/professor-helena-ramos-represents-ceris-as-a-partner-in-the-hy4res-project\/\" rel=\"bookmark\">\n\t\t\t\t\tProfessor Helena Ramos represents IST\/CERIS as a partner in the HY4RES Project\t\t\t\t<\/a>\n\t\t\t<\/h3>\n\t\t\n\t\t\t\t\t<div class=\"wd-post-excerpt\">\n\t\t\t\t\t\t\t\t\tWe are pleased to announce that Professor Helena M. Ramos, Full Professor at the Department of Civil Engineering (DeCivil) and member o...\t\t\t\t\t\t\t<\/div>\n\t\t\n\t\t\t\t\t\t\t\t\t\t<div class=\"wd-post-read-more wd-style-link read-more-section\">\n\t\t\t\t\t\t<a class=\"\" href=\"https:\/\/ceris.pt\/2024\/06\/11\/professor-helena-ramos-represents-ceris-as-a-partner-in-the-hy4res-project\/\">Continue reading<\/a>\t\t\t\t\t<\/div>\n\t\t\t\t\t\t\t<\/div>\n\n\t<\/article>\n\t\t\t\t\t\n\t\t\t\t\t","status":"no-more-posts","nextPage":"?woo_ajax=1","currentPage":"https:\/\/ceris.pt\/author\/ak\/page\/4"}