
			
				

					
				

			
		{"items":"\n\t\t\t\t\t\t\t\t\t\t\t\n<article id=\"post-13887\" class=\"wd-post blog-design-meta-image blog-post-loop blog-style-flat wd-col post-13887 post type-post status-publish format-standard has-post-thumbnail hentry category-news-e-updates tag-news\">\n\t\n\t<div class=\"wd-post-thumb color-scheme-light\">\n\t\t\t\t\t<div class=\"wd-post-img\">\n\t\t\t\t<img width=\"2048\" height=\"1536\" src=\"https:\/\/ceris.pt\/wp-content\/uploads\/2024\/09\/IMG_8782.jpeg\" class=\"attachment- size-\" alt=\"\" decoding=\"async\" fetchpriority=\"high\" srcset=\"https:\/\/ceris.pt\/wp-content\/uploads\/2024\/09\/IMG_8782.jpeg 2048w, https:\/\/ceris.pt\/wp-content\/uploads\/2024\/09\/IMG_8782-150x113.jpeg 150w, https:\/\/ceris.pt\/wp-content\/uploads\/2024\/09\/IMG_8782-1200x900.jpeg 1200w, https:\/\/ceris.pt\/wp-content\/uploads\/2024\/09\/IMG_8782-300x225.jpeg 300w, https:\/\/ceris.pt\/wp-content\/uploads\/2024\/09\/IMG_8782-1024x768.jpeg 1024w, https:\/\/ceris.pt\/wp-content\/uploads\/2024\/09\/IMG_8782-768x576.jpeg 768w, https:\/\/ceris.pt\/wp-content\/uploads\/2024\/09\/IMG_8782-1536x1152.jpeg 1536w\" sizes=\"(max-width: 2048px) 100vw, 2048px\" \/>\t\t\t<\/div>\n\t\t\n\t\t\t\t<a class=\"wd-post-link wd-fill\" tabindex=\"-1\" href=\"https:\/\/ceris.pt\/2024\/09\/10\/conclusion-of-the-sharee-project-advancing-sustainable-hydropower-and-reducing-environmental-impact\/\" rel=\"bookmark\" aria-label=\"Link on post Conclusion of the SHAREe Project: Advancing Sustainable Hydropower and Reducing Environmental Impact\"><\/a>\n\n\t\t\t<\/div>\n\n\t<div class=\"wd-post-content\">\n\t\t<div class=\"wd-post-meta wd-post-entry-meta\">\n\t\t\t\n\t\t\t\n\t\t\t\t\t\t\t<div class=\"wd-post-date wd-style-default\">\n\t\t\t\t\t<time class=\"published\" datetime=\"2024-09-10T08:31:58+00:00\">\n\t\t\t\t\t\t10 Sep 2024\t\t\t\t\t<\/time>\n\t\t\t\t<\/div>\n\n\t\t\t\t<div class=\"wd-modified-date\">\n\t\t\t\t\t\t\t<time class=\"updated\" datetime=\"2024-09-19T15:46:42+00:00\">\n\t\t\tSeptember 19, 2024\t\t<\/time>\n\t\t\t\t\t\t<\/div>\n\t\t\t\t\t<\/div>\n\n\t\t\t\t\t<h3 class=\"wd-post-title wd-entities-title title post-title\">\n\t\t\t\t<a href=\"https:\/\/ceris.pt\/2024\/09\/10\/conclusion-of-the-sharee-project-advancing-sustainable-hydropower-and-reducing-environmental-impact\/\" rel=\"bookmark\">\n\t\t\t\t\tConclusion of the SHAREe Project: Advancing Sustainable Hydropower and Reducing Environmental Impact\t\t\t\t<\/a>\n\t\t\t<\/h3>\n\t\t\n\t\t\t\t\t<div class=\"wd-post-excerpt\">\n\t\t\t\t\t\t\t\t\tThe SHAREe \u2013 Sustainable Hydropower to Alleviate and Reduce Environmental Externalities project, which ran from January 2023 to June 20...\t\t\t\t\t\t\t<\/div>\n\t\t\n\t\t\t\t\t\t\t\t\t\t<div class=\"wd-post-read-more wd-style-link read-more-section\">\n\t\t\t\t\t\t<a class=\"\" href=\"https:\/\/ceris.pt\/2024\/09\/10\/conclusion-of-the-sharee-project-advancing-sustainable-hydropower-and-reducing-environmental-impact\/\">Continue reading<\/a>\t\t\t\t\t<\/div>\n\t\t\t\t\t\t\t<\/div>\n\n\t<\/article>\n\t\t\t\t\t\t\t\t\t\t\t\n<article id=\"post-13877\" class=\"wd-post blog-design-meta-image blog-post-loop blog-style-flat wd-col post-13877 post type-post status-publish format-standard has-post-thumbnail hentry category-news-e-updates tag-news\">\n\t\n\t<div class=\"wd-post-thumb color-scheme-light\">\n\t\t\t\t\t<div class=\"wd-post-img\">\n\t\t\t\t<img width=\"2000\" height=\"1500\" src=\"https:\/\/ceris.pt\/wp-content\/uploads\/2024\/09\/WhatsApp-Image-2024-09-07-at-15.56.11_6d24f6e2.jpg\" class=\"attachment- size-\" alt=\"\" decoding=\"async\" srcset=\"https:\/\/ceris.pt\/wp-content\/uploads\/2024\/09\/WhatsApp-Image-2024-09-07-at-15.56.11_6d24f6e2.jpg 2000w, https:\/\/ceris.pt\/wp-content\/uploads\/2024\/09\/WhatsApp-Image-2024-09-07-at-15.56.11_6d24f6e2-150x113.jpg 150w, https:\/\/ceris.pt\/wp-content\/uploads\/2024\/09\/WhatsApp-Image-2024-09-07-at-15.56.11_6d24f6e2-1200x900.jpg 1200w, https:\/\/ceris.pt\/wp-content\/uploads\/2024\/09\/WhatsApp-Image-2024-09-07-at-15.56.11_6d24f6e2-300x225.jpg 300w, https:\/\/ceris.pt\/wp-content\/uploads\/2024\/09\/WhatsApp-Image-2024-09-07-at-15.56.11_6d24f6e2-1024x768.jpg 1024w, https:\/\/ceris.pt\/wp-content\/uploads\/2024\/09\/WhatsApp-Image-2024-09-07-at-15.56.11_6d24f6e2-768x576.jpg 768w, https:\/\/ceris.pt\/wp-content\/uploads\/2024\/09\/WhatsApp-Image-2024-09-07-at-15.56.11_6d24f6e2-1536x1152.jpg 1536w\" sizes=\"(max-width: 2000px) 100vw, 2000px\" \/>\t\t\t<\/div>\n\t\t\n\t\t\t\t<a class=\"wd-post-link wd-fill\" tabindex=\"-1\" href=\"https:\/\/ceris.pt\/2024\/09\/09\/ceris-researcher-ines-flores-discusses-blocoyster-project-on-rdp-internacionals-podcast\/\" rel=\"bookmark\" aria-label=\"Link on post CERIS Researcher Professor In\u00eas Flores-Colen Discusses Blocoyster Project on RDP Internacional&#8217;s Podcast\"><\/a>\n\n\t\t\t<\/div>\n\n\t<div class=\"wd-post-content\">\n\t\t<div class=\"wd-post-meta wd-post-entry-meta\">\n\t\t\t\n\t\t\t\n\t\t\t\t\t\t\t<div class=\"wd-post-date wd-style-default\">\n\t\t\t\t\t<time class=\"published\" datetime=\"2024-09-09T08:31:04+00:00\">\n\t\t\t\t\t\t09 Sep 2024\t\t\t\t\t<\/time>\n\t\t\t\t<\/div>\n\n\t\t\t\t<div class=\"wd-modified-date\">\n\t\t\t\t\t\t\t<time class=\"updated\" datetime=\"2024-09-09T09:02:53+00:00\">\n\t\t\tSeptember 9, 2024\t\t<\/time>\n\t\t\t\t\t\t<\/div>\n\t\t\t\t\t<\/div>\n\n\t\t\t\t\t<h3 class=\"wd-post-title wd-entities-title title post-title\">\n\t\t\t\t<a href=\"https:\/\/ceris.pt\/2024\/09\/09\/ceris-researcher-ines-flores-discusses-blocoyster-project-on-rdp-internacionals-podcast\/\" rel=\"bookmark\">\n\t\t\t\t\tCERIS Researcher Professor In\u00eas Flores-Colen Discusses Blocoyster Project on RDP Internacional&#8217;s Podcast\t\t\t\t<\/a>\n\t\t\t<\/h3>\n\t\t\n\t\t\t\t\t<div class=\"wd-post-excerpt\">\n\t\t\t\t\t\t\t\t\tProfessor In\u00eas Flores-Colen, a researcher from CERIS, was recently invited to speak on RDP Internacional's podcast \"Isto faz-se por c\u00e1\"...\t\t\t\t\t\t\t<\/div>\n\t\t\n\t\t\t\t\t\t\t\t\t\t<div class=\"wd-post-read-more wd-style-link read-more-section\">\n\t\t\t\t\t\t<a class=\"\" href=\"https:\/\/ceris.pt\/2024\/09\/09\/ceris-researcher-ines-flores-discusses-blocoyster-project-on-rdp-internacionals-podcast\/\">Continue reading<\/a>\t\t\t\t\t<\/div>\n\t\t\t\t\t\t\t<\/div>\n\n\t<\/article>\n\t\t\t\t\t\t\t\t\t\t\t\n<article id=\"post-13870\" class=\"wd-post blog-design-meta-image blog-post-loop blog-style-flat wd-col post-13870 post type-post status-publish format-standard has-post-thumbnail hentry category-news-e-updates tag-news\">\n\t\n\t<div class=\"wd-post-thumb color-scheme-light\">\n\t\t\t\t\t<div class=\"wd-post-img\">\n\t\t\t\t<img width=\"512\" height=\"717\" src=\"https:\/\/ceris.pt\/wp-content\/uploads\/2024\/08\/Picture1.jpg\" class=\"attachment- size-\" alt=\"\" decoding=\"async\" srcset=\"https:\/\/ceris.pt\/wp-content\/uploads\/2024\/08\/Picture1.jpg 512w, https:\/\/ceris.pt\/wp-content\/uploads\/2024\/08\/Picture1-150x210.jpg 150w, https:\/\/ceris.pt\/wp-content\/uploads\/2024\/08\/Picture1-214x300.jpg 214w\" sizes=\"(max-width: 512px) 100vw, 512px\" \/>\t\t\t<\/div>\n\t\t\n\t\t\t\t<a class=\"wd-post-link wd-fill\" tabindex=\"-1\" href=\"https:\/\/ceris.pt\/2024\/08\/02\/ceris-contributing-to-development-a-strategic-roadmap-to-combat-coastal-sand-extraction-in-sao-tome-and-principe\/\" rel=\"bookmark\" aria-label=\"Link on post CERIS contributing to development a strategic roadmap to combat coastal sand extraction in S\u00e3o Tom\u00e9 and Pr\u00edncipe\"><\/a>\n\n\t\t\t<\/div>\n\n\t<div class=\"wd-post-content\">\n\t\t<div class=\"wd-post-meta wd-post-entry-meta\">\n\t\t\t\n\t\t\t\n\t\t\t\t\t\t\t<div class=\"wd-post-date wd-style-default\">\n\t\t\t\t\t<time class=\"published\" datetime=\"2024-08-02T10:22:06+00:00\">\n\t\t\t\t\t\t02 Aug 2024\t\t\t\t\t<\/time>\n\t\t\t\t<\/div>\n\n\t\t\t\t<div class=\"wd-modified-date\">\n\t\t\t\t\t\t\t<time class=\"updated\" datetime=\"2024-08-02T10:22:10+00:00\">\n\t\t\tAugust 2, 2024\t\t<\/time>\n\t\t\t\t\t\t<\/div>\n\t\t\t\t\t<\/div>\n\n\t\t\t\t\t<h3 class=\"wd-post-title wd-entities-title title post-title\">\n\t\t\t\t<a href=\"https:\/\/ceris.pt\/2024\/08\/02\/ceris-contributing-to-development-a-strategic-roadmap-to-combat-coastal-sand-extraction-in-sao-tome-and-principe\/\" rel=\"bookmark\">\n\t\t\t\t\tCERIS contributing to development a strategic roadmap to combat coastal sand extraction in S\u00e3o Tom\u00e9 and Pr\u00edncipe\t\t\t\t<\/a>\n\t\t\t<\/h3>\n\t\t\n\t\t\t\t\t<div class=\"wd-post-excerpt\">\n\t\t\t\t\t\t\t\t\tS\u00e3o Tom\u00e9 and Pr\u00edncipe \u2013 The government of S\u00e3o Tom\u00e9 and Pr\u00edncipe, with the support of the World Bank, has embarked on a crucial initiati...\t\t\t\t\t\t\t<\/div>\n\t\t\n\t\t\t\t\t\t\t\t\t\t<div class=\"wd-post-read-more wd-style-link read-more-section\">\n\t\t\t\t\t\t<a class=\"\" href=\"https:\/\/ceris.pt\/2024\/08\/02\/ceris-contributing-to-development-a-strategic-roadmap-to-combat-coastal-sand-extraction-in-sao-tome-and-principe\/\">Continue reading<\/a>\t\t\t\t\t<\/div>\n\t\t\t\t\t\t\t<\/div>\n\n\t<\/article>\n\t\t\t\t\t\t\t\t\t\t\t\n<article id=\"post-13827\" class=\"wd-post blog-design-meta-image blog-post-loop blog-style-flat wd-col post-13827 post type-post status-publish format-standard hentry category-news-e-updates tag-news\">\n\t\n\t<div class=\"wd-post-thumb\">\n\t\t\t\t\t<div class=\"wd-post-img\">\n\t\t\t\t\t\t\t<\/div>\n\t\t\n\t\t\t\t<a class=\"wd-post-link wd-fill\" tabindex=\"-1\" href=\"https:\/\/ceris.pt\/2024\/07\/22\/calling-all-researchers-advance-your-career-at-ceris-with-an-msca-pf-fellowship\/\" rel=\"bookmark\" aria-label=\"Link on post Calling all Researchers: Advance Your Career at CERIS with an MSCA-PF Fellowship!\"><\/a>\n\n\t\t\t<\/div>\n\n\t<div class=\"wd-post-content\">\n\t\t<div class=\"wd-post-meta wd-post-entry-meta\">\n\t\t\t\n\t\t\t\n\t\t\t\t\t\t\t<div class=\"wd-post-date wd-style-default\">\n\t\t\t\t\t<time class=\"published\" datetime=\"2024-07-22T15:29:59+00:00\">\n\t\t\t\t\t\t22 Jul 2024\t\t\t\t\t<\/time>\n\t\t\t\t<\/div>\n\n\t\t\t\t<div class=\"wd-modified-date\">\n\t\t\t\t\t\t\t<time class=\"updated\" datetime=\"2024-07-22T15:30:02+00:00\">\n\t\t\tJuly 22, 2024\t\t<\/time>\n\t\t\t\t\t\t<\/div>\n\t\t\t\t\t<\/div>\n\n\t\t\t\t\t<h3 class=\"wd-post-title wd-entities-title title post-title\">\n\t\t\t\t<a href=\"https:\/\/ceris.pt\/2024\/07\/22\/calling-all-researchers-advance-your-career-at-ceris-with-an-msca-pf-fellowship\/\" rel=\"bookmark\">\n\t\t\t\t\tCalling all Researchers: Advance Your Career at CERIS with an MSCA-PF Fellowship!\t\t\t\t<\/a>\n\t\t\t<\/h3>\n\t\t\n\t\t\t\t\t<div class=\"wd-post-excerpt\">\n\t\t\t\t\t\t\t\t\tAre you a passionate researcher eager to take your career to the next level?\n\n\n\nCERIS is excited to announce that we\u2019re available to ho...\t\t\t\t\t\t\t<\/div>\n\t\t\n\t\t\t\t\t\t\t\t\t\t<div class=\"wd-post-read-more wd-style-link read-more-section\">\n\t\t\t\t\t\t<a class=\"\" href=\"https:\/\/ceris.pt\/2024\/07\/22\/calling-all-researchers-advance-your-career-at-ceris-with-an-msca-pf-fellowship\/\">Continue reading<\/a>\t\t\t\t\t<\/div>\n\t\t\t\t\t\t\t<\/div>\n\n\t<\/article>\n\t\t\t\t\t\t\t\t\t\t\t\n<article id=\"post-13822\" class=\"wd-post blog-design-meta-image blog-post-loop blog-style-flat wd-col post-13822 post type-post status-publish format-standard has-post-thumbnail hentry category-awards-distinctions category-news-e-updates tag-news\">\n\t\n\t<div class=\"wd-post-thumb color-scheme-light\">\n\t\t\t\t\t<div class=\"wd-post-img\">\n\t\t\t\t<img width=\"175\" height=\"128\" src=\"https:\/\/ceris.pt\/wp-content\/uploads\/2024\/07\/image_2024-09-17_134520228.png\" class=\"attachment- size-\" alt=\"\" decoding=\"async\" loading=\"lazy\" srcset=\"https:\/\/ceris.pt\/wp-content\/uploads\/2024\/07\/image_2024-09-17_134520228.png 175w, https:\/\/ceris.pt\/wp-content\/uploads\/2024\/07\/image_2024-09-17_134520228-150x110.png 150w\" sizes=\"auto, (max-width: 175px) 100vw, 175px\" \/>\t\t\t<\/div>\n\t\t\n\t\t\t\t<a class=\"wd-post-link wd-fill\" tabindex=\"-1\" href=\"https:\/\/ceris.pt\/2024\/07\/22\/u-s-news-ranking-tecnico-places-university-of-lisbon-as-second-best-in-europe-in-civil-engineering\/\" rel=\"bookmark\" aria-label=\"Link on post Paper on Durability of GFRP Composites Wins Prestigious &#8220;Mirko Ros Silver Medal Award&#8221; at SMAR 2024\"><\/a>\n\n\t\t\t<\/div>\n\n\t<div class=\"wd-post-content\">\n\t\t<div class=\"wd-post-meta wd-post-entry-meta\">\n\t\t\t\n\t\t\t\n\t\t\t\t\t\t\t<div class=\"wd-post-date wd-style-default\">\n\t\t\t\t\t<time class=\"published\" datetime=\"2024-07-22T15:24:00+00:00\">\n\t\t\t\t\t\t22 Jul 2024\t\t\t\t\t<\/time>\n\t\t\t\t<\/div>\n\n\t\t\t\t<div class=\"wd-modified-date\">\n\t\t\t\t\t\t\t<time class=\"updated\" datetime=\"2024-09-17T12:45:31+00:00\">\n\t\t\tSeptember 17, 2024\t\t<\/time>\n\t\t\t\t\t\t<\/div>\n\t\t\t\t\t<\/div>\n\n\t\t\t\t\t<h3 class=\"wd-post-title wd-entities-title title post-title\">\n\t\t\t\t<a href=\"https:\/\/ceris.pt\/2024\/07\/22\/u-s-news-ranking-tecnico-places-university-of-lisbon-as-second-best-in-europe-in-civil-engineering\/\" rel=\"bookmark\">\n\t\t\t\t\tPaper on Durability of GFRP Composites Wins Prestigious &#8220;Mirko Ros Silver Medal Award&#8221; at SMAR 2024\t\t\t\t<\/a>\n\t\t\t<\/h3>\n\t\t\n\t\t\t\t\t<div class=\"wd-post-excerpt\">\n\t\t\t\t\t\t\t\t\tAt the 7th International Conference on Smart Monitoring, Assessment, and Rehabilitation of Civil Structures (SMAR 2024), held in Salern...\t\t\t\t\t\t\t<\/div>\n\t\t\n\t\t\t\t\t\t\t\t\t\t<div class=\"wd-post-read-more wd-style-link read-more-section\">\n\t\t\t\t\t\t<a class=\"\" href=\"https:\/\/ceris.pt\/2024\/07\/22\/u-s-news-ranking-tecnico-places-university-of-lisbon-as-second-best-in-europe-in-civil-engineering\/\">Continue reading<\/a>\t\t\t\t\t<\/div>\n\t\t\t\t\t\t\t<\/div>\n\n\t<\/article>\n\t\t\t\t\t\t\t\t\t\t\t\n<article id=\"post-13770\" class=\"wd-post blog-design-meta-image blog-post-loop blog-style-flat wd-col post-13770 post type-post status-publish format-standard has-post-thumbnail hentry category-awards-distinctions category-news-e-updates tag-news\">\n\t\n\t<div class=\"wd-post-thumb color-scheme-light\">\n\t\t\t\t\t<div class=\"wd-post-img\">\n\t\t\t\t<img width=\"779\" height=\"379\" src=\"https:\/\/ceris.pt\/wp-content\/uploads\/2024\/07\/Picture1.png\" class=\"attachment- size-\" alt=\"\" decoding=\"async\" loading=\"lazy\" srcset=\"https:\/\/ceris.pt\/wp-content\/uploads\/2024\/07\/Picture1.png 779w, https:\/\/ceris.pt\/wp-content\/uploads\/2024\/07\/Picture1-150x73.png 150w, https:\/\/ceris.pt\/wp-content\/uploads\/2024\/07\/Picture1-300x146.png 300w, https:\/\/ceris.pt\/wp-content\/uploads\/2024\/07\/Picture1-768x374.png 768w, https:\/\/ceris.pt\/wp-content\/uploads\/2024\/07\/Picture1-600x292.png 600w\" sizes=\"auto, (max-width: 779px) 100vw, 779px\" \/>\t\t\t<\/div>\n\t\t\n\t\t\t\t<a class=\"wd-post-link wd-fill\" tabindex=\"-1\" href=\"https:\/\/ceris.pt\/2024\/07\/19\/ceris-researcher-giovanni-di-lollo-wins-prestigious-gerhard-jirka-award\/\" rel=\"bookmark\" aria-label=\"Link on post CERIS Researcher Giovanni Di Lollo Wins Prestigious Gerhard Jirka Award\"><\/a>\n\n\t\t\t<\/div>\n\n\t<div class=\"wd-post-content\">\n\t\t<div class=\"wd-post-meta wd-post-entry-meta\">\n\t\t\t\n\t\t\t\n\t\t\t\t\t\t\t<div class=\"wd-post-date wd-style-default\">\n\t\t\t\t\t<time class=\"published\" datetime=\"2024-07-19T09:11:44+00:00\">\n\t\t\t\t\t\t19 Jul 2024\t\t\t\t\t<\/time>\n\t\t\t\t<\/div>\n\n\t\t\t\t<div class=\"wd-modified-date\">\n\t\t\t\t\t\t\t<time class=\"updated\" datetime=\"2024-07-19T09:11:47+00:00\">\n\t\t\tJuly 19, 2024\t\t<\/time>\n\t\t\t\t\t\t<\/div>\n\t\t\t\t\t<\/div>\n\n\t\t\t\t\t<h3 class=\"wd-post-title wd-entities-title title post-title\">\n\t\t\t\t<a href=\"https:\/\/ceris.pt\/2024\/07\/19\/ceris-researcher-giovanni-di-lollo-wins-prestigious-gerhard-jirka-award\/\" rel=\"bookmark\">\n\t\t\t\t\tCERIS Researcher Giovanni Di Lollo Wins Prestigious Gerhard Jirka Award\t\t\t\t<\/a>\n\t\t\t<\/h3>\n\t\t\n\t\t\t\t\t<div class=\"wd-post-excerpt\">\n\t\t\t\t\t\t\t\t\tLISBON, Portugal \u2013 Giovanni Di Lollo, a researcher at CERIS, has been honored with the first prize of the Gerhard Jirka Award for Young...\t\t\t\t\t\t\t<\/div>\n\t\t\n\t\t\t\t\t\t\t\t\t\t<div class=\"wd-post-read-more wd-style-link read-more-section\">\n\t\t\t\t\t\t<a class=\"\" href=\"https:\/\/ceris.pt\/2024\/07\/19\/ceris-researcher-giovanni-di-lollo-wins-prestigious-gerhard-jirka-award\/\">Continue reading<\/a>\t\t\t\t\t<\/div>\n\t\t\t\t\t\t\t<\/div>\n\n\t<\/article>\n\t\t\t\t\t\t\t\t\t\t\t\n<article id=\"post-13759\" class=\"wd-post blog-design-meta-image blog-post-loop blog-style-flat wd-col post-13759 post type-post status-publish format-standard hentry category-awards-distinctions category-news-e-updates tag-news\">\n\t\n\t<div class=\"wd-post-thumb\">\n\t\t\t\t\t<div class=\"wd-post-img\">\n\t\t\t\t\t\t\t<\/div>\n\t\t\n\t\t\t\t<a class=\"wd-post-link wd-fill\" tabindex=\"-1\" href=\"https:\/\/ceris.pt\/2024\/07\/18\/ceris-researchers-marco-pedroso-and-jose-dinis-silvestre-win-best-paper-award-at-congrega-2024-for-sustainability-innovations\/\" rel=\"bookmark\" aria-label=\"Link on post CERIS Researchers Marco Pedroso and Jos\u00e9 Dinis Silvestre Win Best Paper Award at CONGREGA 2024 for Sustainability Innovations\"><\/a>\n\n\t\t\t<\/div>\n\n\t<div class=\"wd-post-content\">\n\t\t<div class=\"wd-post-meta wd-post-entry-meta\">\n\t\t\t\n\t\t\t\n\t\t\t\t\t\t\t<div class=\"wd-post-date wd-style-default\">\n\t\t\t\t\t<time class=\"published\" datetime=\"2024-07-18T15:53:47+00:00\">\n\t\t\t\t\t\t18 Jul 2024\t\t\t\t\t<\/time>\n\t\t\t\t<\/div>\n\n\t\t\t\t<div class=\"wd-modified-date\">\n\t\t\t\t\t\t\t<time class=\"updated\" datetime=\"2024-07-18T15:55:44+00:00\">\n\t\t\tJuly 18, 2024\t\t<\/time>\n\t\t\t\t\t\t<\/div>\n\t\t\t\t\t<\/div>\n\n\t\t\t\t\t<h3 class=\"wd-post-title wd-entities-title title post-title\">\n\t\t\t\t<a href=\"https:\/\/ceris.pt\/2024\/07\/18\/ceris-researchers-marco-pedroso-and-jose-dinis-silvestre-win-best-paper-award-at-congrega-2024-for-sustainability-innovations\/\" rel=\"bookmark\">\n\t\t\t\t\tCERIS Researchers Marco Pedroso and Jos\u00e9 Dinis Silvestre Win Best Paper Award at CONGREGA 2024 for Sustainability Innovations\t\t\t\t<\/a>\n\t\t\t<\/h3>\n\t\t\n\t\t\t\t\t<div class=\"wd-post-excerpt\">\n\t\t\t\t\t\t\t\t\tLisbon, Portugal \u2013 July 5, 2024\n\n\n\nCERIS researchers Marco Pedroso and Jos\u00e9 Dinis Silvestre have been honored with the Best Paper Award...\t\t\t\t\t\t\t<\/div>\n\t\t\n\t\t\t\t\t\t\t\t\t\t<div class=\"wd-post-read-more wd-style-link read-more-section\">\n\t\t\t\t\t\t<a class=\"\" href=\"https:\/\/ceris.pt\/2024\/07\/18\/ceris-researchers-marco-pedroso-and-jose-dinis-silvestre-win-best-paper-award-at-congrega-2024-for-sustainability-innovations\/\">Continue reading<\/a>\t\t\t\t\t<\/div>\n\t\t\t\t\t\t\t<\/div>\n\n\t<\/article>\n\t\t\t\t\t\t\t\t\t\t\t\n<article id=\"post-13715\" class=\"wd-post blog-design-meta-image blog-post-loop blog-style-flat wd-col post-13715 post type-post status-publish format-standard has-post-thumbnail hentry category-awards-distinctions category-news-e-updates tag-news\">\n\t\n\t<div class=\"wd-post-thumb color-scheme-light\">\n\t\t\t\t\t<div class=\"wd-post-img\">\n\t\t\t\t<img width=\"2560\" height=\"1092\" src=\"https:\/\/ceris.pt\/wp-content\/uploads\/2024\/07\/Picture2-scaled.png\" class=\"attachment- size-\" alt=\"\" decoding=\"async\" loading=\"lazy\" srcset=\"https:\/\/ceris.pt\/wp-content\/uploads\/2024\/07\/Picture2-scaled.png 2560w, https:\/\/ceris.pt\/wp-content\/uploads\/2024\/07\/Picture2-scaled-150x64.png 150w, https:\/\/ceris.pt\/wp-content\/uploads\/2024\/07\/Picture2-scaled-1200x512.png 1200w, https:\/\/ceris.pt\/wp-content\/uploads\/2024\/07\/Picture2-300x128.png 300w, https:\/\/ceris.pt\/wp-content\/uploads\/2024\/07\/Picture2-1024x437.png 1024w, https:\/\/ceris.pt\/wp-content\/uploads\/2024\/07\/Picture2-768x328.png 768w, https:\/\/ceris.pt\/wp-content\/uploads\/2024\/07\/Picture2-1536x655.png 1536w, https:\/\/ceris.pt\/wp-content\/uploads\/2024\/07\/Picture2-2048x874.png 2048w\" sizes=\"auto, (max-width: 2560px) 100vw, 2560px\" \/>\t\t\t<\/div>\n\t\t\n\t\t\t\t<a class=\"wd-post-link wd-fill\" tabindex=\"-1\" href=\"https:\/\/ceris.pt\/2024\/07\/16\/phd-student-jordan-tadonbou-wins-best-paper-award-at-icec2024\/\" rel=\"bookmark\" aria-label=\"Link on post PhD Student Jordan Tadonbou Wins Best Paper Award at ICEC2024\"><\/a>\n\n\t\t\t<\/div>\n\n\t<div class=\"wd-post-content\">\n\t\t<div class=\"wd-post-meta wd-post-entry-meta\">\n\t\t\t\n\t\t\t\n\t\t\t\t\t\t\t<div class=\"wd-post-date wd-style-default\">\n\t\t\t\t\t<time class=\"published\" datetime=\"2024-07-16T15:58:11+00:00\">\n\t\t\t\t\t\t16 Jul 2024\t\t\t\t\t<\/time>\n\t\t\t\t<\/div>\n\n\t\t\t\t<div class=\"wd-modified-date\">\n\t\t\t\t\t\t\t<time class=\"updated\" datetime=\"2024-07-16T16:18:37+00:00\">\n\t\t\tJuly 16, 2024\t\t<\/time>\n\t\t\t\t\t\t<\/div>\n\t\t\t\t\t<\/div>\n\n\t\t\t\t\t<h3 class=\"wd-post-title wd-entities-title title post-title\">\n\t\t\t\t<a href=\"https:\/\/ceris.pt\/2024\/07\/16\/phd-student-jordan-tadonbou-wins-best-paper-award-at-icec2024\/\" rel=\"bookmark\">\n\t\t\t\t\tPhD Student Jordan Tadonbou Wins Best Paper Award at ICEC2024\t\t\t\t<\/a>\n\t\t\t<\/h3>\n\t\t\n\t\t\t\t\t<div class=\"wd-post-excerpt\">\n\t\t\t\t\t\t\t\t\tEdinburgh, UK \u2013 The prestigious Best Paper Award at the ICEC2024 \u2013 2nd RILEM International Conference on Earthen Construction, held at ...\t\t\t\t\t\t\t<\/div>\n\t\t\n\t\t\t\t\t\t\t\t\t\t<div class=\"wd-post-read-more wd-style-link read-more-section\">\n\t\t\t\t\t\t<a class=\"\" href=\"https:\/\/ceris.pt\/2024\/07\/16\/phd-student-jordan-tadonbou-wins-best-paper-award-at-icec2024\/\">Continue reading<\/a>\t\t\t\t\t<\/div>\n\t\t\t\t\t\t\t<\/div>\n\n\t<\/article>\n\t\t\t\t\t\t\t\t\t\t\t\n<article id=\"post-13693\" class=\"wd-post blog-design-meta-image blog-post-loop blog-style-flat wd-col post-13693 post type-post status-publish format-standard has-post-thumbnail hentry category-awards-distinctions category-news-e-updates tag-news\">\n\t\n\t<div class=\"wd-post-thumb color-scheme-light\">\n\t\t\t\t\t<div class=\"wd-post-img\">\n\t\t\t\t<img width=\"736\" height=\"592\" src=\"https:\/\/ceris.pt\/wp-content\/uploads\/2024\/07\/Picture1.jpg\" class=\"attachment- size-\" alt=\"\" decoding=\"async\" loading=\"lazy\" srcset=\"https:\/\/ceris.pt\/wp-content\/uploads\/2024\/07\/Picture1.jpg 736w, https:\/\/ceris.pt\/wp-content\/uploads\/2024\/07\/Picture1-150x121.jpg 150w, https:\/\/ceris.pt\/wp-content\/uploads\/2024\/07\/Picture1-300x241.jpg 300w, https:\/\/ceris.pt\/wp-content\/uploads\/2024\/07\/Picture1-600x483.jpg 600w\" sizes=\"auto, (max-width: 736px) 100vw, 736px\" \/>\t\t\t<\/div>\n\t\t\n\t\t\t\t<a class=\"wd-post-link wd-fill\" tabindex=\"-1\" href=\"https:\/\/ceris.pt\/2024\/07\/08\/phd-student-jessica-bersch-wins-best-student-presentation-award-at-net-zero-future-conference\/\" rel=\"bookmark\" aria-label=\"Link on post PhD Student J\u00e9ssica Bersch Wins Best Student Presentation Award at Net-Zero Future Conference\"><\/a>\n\n\t\t\t<\/div>\n\n\t<div class=\"wd-post-content\">\n\t\t<div class=\"wd-post-meta wd-post-entry-meta\">\n\t\t\t\n\t\t\t\n\t\t\t\t\t\t\t<div class=\"wd-post-date wd-style-default\">\n\t\t\t\t\t<time class=\"published\" datetime=\"2024-07-08T09:27:51+00:00\">\n\t\t\t\t\t\t08 Jul 2024\t\t\t\t\t<\/time>\n\t\t\t\t<\/div>\n\n\t\t\t\t<div class=\"wd-modified-date\">\n\t\t\t\t\t\t\t<time class=\"updated\" datetime=\"2024-07-08T09:30:45+00:00\">\n\t\t\tJuly 8, 2024\t\t<\/time>\n\t\t\t\t\t\t<\/div>\n\t\t\t\t\t<\/div>\n\n\t\t\t\t\t<h3 class=\"wd-post-title wd-entities-title title post-title\">\n\t\t\t\t<a href=\"https:\/\/ceris.pt\/2024\/07\/08\/phd-student-jessica-bersch-wins-best-student-presentation-award-at-net-zero-future-conference\/\" rel=\"bookmark\">\n\t\t\t\t\tPhD Student J\u00e9ssica Bersch Wins Best Student Presentation Award at Net-Zero Future Conference\t\t\t\t<\/a>\n\t\t\t<\/h3>\n\t\t\n\t\t\t\t\t<div class=\"wd-post-excerpt\">\n\t\t\t\t\t\t\t\t\tOSLO, NORWAY \u2014 J\u00e9ssica Bersch, a PhD student at CERIS, was honored with one of the Best Student Presentation Awards during the Net-Zero...\t\t\t\t\t\t\t<\/div>\n\t\t\n\t\t\t\t\t\t\t\t\t\t<div class=\"wd-post-read-more wd-style-link read-more-section\">\n\t\t\t\t\t\t<a class=\"\" href=\"https:\/\/ceris.pt\/2024\/07\/08\/phd-student-jessica-bersch-wins-best-student-presentation-award-at-net-zero-future-conference\/\">Continue reading<\/a>\t\t\t\t\t<\/div>\n\t\t\t\t\t\t\t<\/div>\n\n\t<\/article>\n\t\t\t\t\t\t\t\t\t\t\t\n<article id=\"post-13683\" class=\"wd-post blog-design-meta-image blog-post-loop blog-style-flat wd-col post-13683 post type-post status-publish format-standard hentry category-awards-distinctions category-news-e-updates tag-news\">\n\t\n\t<div class=\"wd-post-thumb\">\n\t\t\t\t\t<div class=\"wd-post-img\">\n\t\t\t\t\t\t\t<\/div>\n\t\t\n\t\t\t\t<a class=\"wd-post-link wd-fill\" tabindex=\"-1\" href=\"https:\/\/ceris.pt\/2024\/07\/05\/ines-rosa-wins-escm-award-for-best-phd-thesis-of-2022\/\" rel=\"bookmark\" aria-label=\"Link on post In\u00eas Rosa Wins ESCM Award for Best PhD Thesis of 2022\"><\/a>\n\n\t\t\t<\/div>\n\n\t<div class=\"wd-post-content\">\n\t\t<div class=\"wd-post-meta wd-post-entry-meta\">\n\t\t\t\n\t\t\t\n\t\t\t\t\t\t\t<div class=\"wd-post-date wd-style-default\">\n\t\t\t\t\t<time class=\"published\" datetime=\"2024-07-05T12:05:49+00:00\">\n\t\t\t\t\t\t05 Jul 2024\t\t\t\t\t<\/time>\n\t\t\t\t<\/div>\n\n\t\t\t\t<div class=\"wd-modified-date\">\n\t\t\t\t\t\t\t<time class=\"updated\" datetime=\"2024-07-05T12:08:28+00:00\">\n\t\t\tJuly 5, 2024\t\t<\/time>\n\t\t\t\t\t\t<\/div>\n\t\t\t\t\t<\/div>\n\n\t\t\t\t\t<h3 class=\"wd-post-title wd-entities-title title post-title\">\n\t\t\t\t<a href=\"https:\/\/ceris.pt\/2024\/07\/05\/ines-rosa-wins-escm-award-for-best-phd-thesis-of-2022\/\" rel=\"bookmark\">\n\t\t\t\t\tIn\u00eas Rosa Wins ESCM Award for Best PhD Thesis of 2022\t\t\t\t<\/a>\n\t\t\t<\/h3>\n\t\t\n\t\t\t\t\t<div class=\"wd-post-excerpt\">\n\t\t\t\t\t\t\t\t\tIn\u00eas Rosa, researcher of the Composites Research Group (CORE) of CERIS and former PhD student of DECivil, received the \u201cESCM Award for ...\t\t\t\t\t\t\t<\/div>\n\t\t\n\t\t\t\t\t\t\t\t\t\t<div class=\"wd-post-read-more wd-style-link read-more-section\">\n\t\t\t\t\t\t<a class=\"\" href=\"https:\/\/ceris.pt\/2024\/07\/05\/ines-rosa-wins-escm-award-for-best-phd-thesis-of-2022\/\">Continue reading<\/a>\t\t\t\t\t<\/div>\n\t\t\t\t\t\t\t<\/div>\n\n\t<\/article>\n\t\t\t\t\t\n\t\t\t\t\t","status":"have-posts","nextPage":"https:\/\/ceris.pt\/author\/ak\/page\/4\/?woo_ajax=1","currentPage":"https:\/\/ceris.pt\/author\/ak\/page\/3"}